{"id":2347,"date":"2021-07-29T13:23:18","date_gmt":"2021-07-29T11:23:18","guid":{"rendered":"http:\/\/kmplg.sk\/?p=2347"},"modified":"2023-07-30T21:07:34","modified_gmt":"2023-07-30T19:07:34","slug":"24-8-2021-obhajoba-bakalarskej-prace","status":"publish","type":"post","link":"https:\/\/kmplg.sk\/?p=2347","title":{"rendered":"24.8.2021 &#8211; Obhajoba bakal\u00e1rskej pr\u00e1ce"},"content":{"rendered":"\n<p>Katedra mineral\u00f3gie, petrol\u00f3gie a lo\u017eiskovej geol\u00f3gie V\u00e1s poz\u00fdva na verejn\u00e9 online obhajobu bakal\u00e1rskej pr\u00e1ce Martiny Smetanovej, ktor\u00e9 sa bud\u00fa kona\u0165 d\u0148a 24.8.2021. T\u00e9mou pr\u00e1ce je <strong>Konzervovanie miner\u00e1lov v muze\u00e1lnych zbierkach: metodick\u00e9 postupy a procesy mechanickej \u00fapravy<\/strong>. Ni\u017e\u0161ie n\u00e1jdete verejn\u00e9 linky na pripojenie cez aplik\u00e1ciu MS Teams. <\/p>\n\n\n\n<p><span class=\"has-inline-color has-vivid-red-color\">Martina Smetanov\u00e1 &#8211; 24.8.2021 o&nbsp;<strong>11:00<\/strong> <\/span><br>T\u00e9ma: <strong><strong>Konzervovanie miner\u00e1lov v muze\u00e1lnych zbierkach: metodick\u00e9 postupy a procesy mechanickej \u00fapravy<\/strong><\/strong><br><a href=\"https:\/\/teams.microsoft.com\/l\/meetup-join\/19%3a1b57ab6baeb949328bdff5b8f234e228%40thread.tacv2\/1627550397995?context=%7b%22Tid%22%3a%22ce31478d-6e7a-4ce7-8670-a5b9d51884f9%22%2c%22Oid%22%3a%2219b30eab-e7d0-4762-9000-532777c5bf4d%22%7d\">Link na pripojene cez MS Teams<\/a><\/p>\n","protected":false},"excerpt":{"rendered":"<p>Katedra mineral\u00f3gie, petrol\u00f3gie a lo\u017eiskovej geol\u00f3gie V\u00e1s poz\u00fdva na verejn\u00e9 &hellip; <\/p>\n","protected":false},"author":2,"featured_media":0,"comment_status":"closed","ping_status":"open","sticky":false,"template":"","format":"standard","meta":{"_monsterinsights_skip_tracking":false,"_monsterinsights_sitenote_active":false,"_monsterinsights_sitenote_note":"","_monsterinsights_sitenote_category":0,"ngg_post_thumbnail":0},"categories":[19],"tags":[],"post_folder":[71],"yoast_head":"<!-- This site is optimized with the Yoast SEO plugin v19.4 - https:\/\/yoast.com\/wordpress\/plugins\/seo\/ -->\n<title>24.8.2021 - Obhajoba bakal\u00e1rskej pr\u00e1ce - Katedra mineral\u00f3gie, petrol\u00f3gie a lo\u017eiskovej geol\u00f3gie<\/title>\n<meta name=\"robots\" content=\"index, follow, max-snippet:-1, max-image-preview:large, max-video-preview:-1\" \/>\n<link rel=\"canonical\" href=\"https:\/\/kmplg.sk\/?p=2347\" \/>\n<meta property=\"og:locale\" content=\"sk_SK\" \/>\n<meta property=\"og:type\" content=\"article\" \/>\n<meta property=\"og:title\" content=\"24.8.2021 - Obhajoba bakal\u00e1rskej pr\u00e1ce - Katedra mineral\u00f3gie, petrol\u00f3gie a lo\u017eiskovej geol\u00f3gie\" \/>\n<meta property=\"og:description\" content=\"Katedra mineral\u00f3gie, petrol\u00f3gie a lo\u017eiskovej geol\u00f3gie V\u00e1s poz\u00fdva na verejn\u00e9 &hellip;\" \/>\n<meta property=\"og:url\" content=\"https:\/\/kmplg.sk\/?p=2347\" \/>\n<meta property=\"og:site_name\" content=\"Katedra mineral\u00f3gie, petrol\u00f3gie a lo\u017eiskovej geol\u00f3gie\" \/>\n<meta property=\"article:publisher\" content=\"https:\/\/www.facebook.com\/kmplg\/\" \/>\n<meta property=\"article:published_time\" content=\"2021-07-29T11:23:18+00:00\" \/>\n<meta property=\"article:modified_time\" content=\"2023-07-30T19:07:34+00:00\" \/>\n<meta name=\"author\" content=\"Ondrej Nemec\" \/>\n<meta name=\"twitter:card\" content=\"summary_large_image\" \/>\n<meta name=\"twitter:label1\" content=\"Autor\" \/>\n\t<meta name=\"twitter:data1\" content=\"Ondrej Nemec\" \/>\n\t<meta name=\"twitter:label2\" content=\"Predpokladan\u00fd \u010das \u010d\u00edtania\" \/>\n\t<meta name=\"twitter:data2\" content=\"1 min\u00fata\" \/>\n<script type=\"application\/ld+json\" class=\"yoast-schema-graph\">{\"@context\":\"https:\/\/schema.org\",\"@graph\":[{\"@type\":\"WebSite\",\"@id\":\"https:\/\/kmplg.sk\/#website\",\"url\":\"https:\/\/kmplg.sk\/\",\"name\":\"Katedra mineral\u00f3gie, petrol\u00f3gie a lo\u017eiskovej geol\u00f3gie\",\"description\":\"Pr\u00edrodovedeck\u00e1 fakulta Univerzity Komensk\u00e9ho v Bratislave\",\"potentialAction\":[{\"@type\":\"SearchAction\",\"target\":{\"@type\":\"EntryPoint\",\"urlTemplate\":\"https:\/\/kmplg.sk\/?s={search_term_string}\"},\"query-input\":\"required name=search_term_string\"}],\"inLanguage\":\"sk-SK\"},{\"@type\":\"WebPage\",\"@id\":\"https:\/\/kmplg.sk\/?p=2347\",\"url\":\"https:\/\/kmplg.sk\/?p=2347\",\"name\":\"24.8.2021 - Obhajoba bakal\u00e1rskej pr\u00e1ce - Katedra mineral\u00f3gie, petrol\u00f3gie a lo\u017eiskovej geol\u00f3gie\",\"isPartOf\":{\"@id\":\"https:\/\/kmplg.sk\/#website\"},\"datePublished\":\"2021-07-29T11:23:18+00:00\",\"dateModified\":\"2023-07-30T19:07:34+00:00\",\"author\":{\"@id\":\"https:\/\/kmplg.sk\/#\/schema\/person\/362176dea24416520ff64ae89773aa8d\"},\"breadcrumb\":{\"@id\":\"https:\/\/kmplg.sk\/?p=2347#breadcrumb\"},\"inLanguage\":\"sk-SK\",\"potentialAction\":[{\"@type\":\"ReadAction\",\"target\":[\"https:\/\/kmplg.sk\/?p=2347\"]}]},{\"@type\":\"BreadcrumbList\",\"@id\":\"https:\/\/kmplg.sk\/?p=2347#breadcrumb\",\"itemListElement\":[{\"@type\":\"ListItem\",\"position\":1,\"name\":\"Home\",\"item\":\"https:\/\/kmplg.sk\/\"},{\"@type\":\"ListItem\",\"position\":2,\"name\":\"24.8.2021 &#8211; Obhajoba bakal\u00e1rskej pr\u00e1ce\"}]},{\"@type\":\"Person\",\"@id\":\"https:\/\/kmplg.sk\/#\/schema\/person\/362176dea24416520ff64ae89773aa8d\",\"name\":\"Ondrej Nemec\",\"image\":{\"@type\":\"ImageObject\",\"inLanguage\":\"sk-SK\",\"@id\":\"https:\/\/kmplg.sk\/#\/schema\/person\/image\/\",\"url\":\"https:\/\/secure.gravatar.com\/avatar\/73dacebc5fb1131d0c8e3fb138324786?s=96&d=mm&r=g\",\"contentUrl\":\"https:\/\/secure.gravatar.com\/avatar\/73dacebc5fb1131d0c8e3fb138324786?s=96&d=mm&r=g\",\"caption\":\"Ondrej Nemec\"},\"url\":\"https:\/\/kmplg.sk\/?author=2\"}]}<\/script>\n<!-- \/ Yoast SEO plugin. -->","yoast_head_json":{"title":"24.8.2021 - Obhajoba bakal\u00e1rskej pr\u00e1ce - Katedra mineral\u00f3gie, petrol\u00f3gie a lo\u017eiskovej geol\u00f3gie","robots":{"index":"index","follow":"follow","max-snippet":"max-snippet:-1","max-image-preview":"max-image-preview:large","max-video-preview":"max-video-preview:-1"},"canonical":"https:\/\/kmplg.sk\/?p=2347","og_locale":"sk_SK","og_type":"article","og_title":"24.8.2021 - Obhajoba bakal\u00e1rskej pr\u00e1ce - Katedra mineral\u00f3gie, petrol\u00f3gie a lo\u017eiskovej geol\u00f3gie","og_description":"Katedra mineral\u00f3gie, petrol\u00f3gie a lo\u017eiskovej geol\u00f3gie V\u00e1s poz\u00fdva na verejn\u00e9 &hellip;","og_url":"https:\/\/kmplg.sk\/?p=2347","og_site_name":"Katedra mineral\u00f3gie, petrol\u00f3gie a lo\u017eiskovej geol\u00f3gie","article_publisher":"https:\/\/www.facebook.com\/kmplg\/","article_published_time":"2021-07-29T11:23:18+00:00","article_modified_time":"2023-07-30T19:07:34+00:00","author":"Ondrej Nemec","twitter_card":"summary_large_image","twitter_misc":{"Autor":"Ondrej Nemec","Predpokladan\u00fd \u010das \u010d\u00edtania":"1 min\u00fata"},"schema":{"@context":"https:\/\/schema.org","@graph":[{"@type":"WebSite","@id":"https:\/\/kmplg.sk\/#website","url":"https:\/\/kmplg.sk\/","name":"Katedra mineral\u00f3gie, petrol\u00f3gie a lo\u017eiskovej geol\u00f3gie","description":"Pr\u00edrodovedeck\u00e1 fakulta Univerzity Komensk\u00e9ho v Bratislave","potentialAction":[{"@type":"SearchAction","target":{"@type":"EntryPoint","urlTemplate":"https:\/\/kmplg.sk\/?s={search_term_string}"},"query-input":"required name=search_term_string"}],"inLanguage":"sk-SK"},{"@type":"WebPage","@id":"https:\/\/kmplg.sk\/?p=2347","url":"https:\/\/kmplg.sk\/?p=2347","name":"24.8.2021 - Obhajoba bakal\u00e1rskej pr\u00e1ce - Katedra mineral\u00f3gie, petrol\u00f3gie a lo\u017eiskovej geol\u00f3gie","isPartOf":{"@id":"https:\/\/kmplg.sk\/#website"},"datePublished":"2021-07-29T11:23:18+00:00","dateModified":"2023-07-30T19:07:34+00:00","author":{"@id":"https:\/\/kmplg.sk\/#\/schema\/person\/362176dea24416520ff64ae89773aa8d"},"breadcrumb":{"@id":"https:\/\/kmplg.sk\/?p=2347#breadcrumb"},"inLanguage":"sk-SK","potentialAction":[{"@type":"ReadAction","target":["https:\/\/kmplg.sk\/?p=2347"]}]},{"@type":"BreadcrumbList","@id":"https:\/\/kmplg.sk\/?p=2347#breadcrumb","itemListElement":[{"@type":"ListItem","position":1,"name":"Home","item":"https:\/\/kmplg.sk\/"},{"@type":"ListItem","position":2,"name":"24.8.2021 &#8211; Obhajoba bakal\u00e1rskej pr\u00e1ce"}]},{"@type":"Person","@id":"https:\/\/kmplg.sk\/#\/schema\/person\/362176dea24416520ff64ae89773aa8d","name":"Ondrej Nemec","image":{"@type":"ImageObject","inLanguage":"sk-SK","@id":"https:\/\/kmplg.sk\/#\/schema\/person\/image\/","url":"https:\/\/secure.gravatar.com\/avatar\/73dacebc5fb1131d0c8e3fb138324786?s=96&d=mm&r=g","contentUrl":"https:\/\/secure.gravatar.com\/avatar\/73dacebc5fb1131d0c8e3fb138324786?s=96&d=mm&r=g","caption":"Ondrej Nemec"},"url":"https:\/\/kmplg.sk\/?author=2"}]}},"_links":{"self":[{"href":"https:\/\/kmplg.sk\/index.php?rest_route=\/wp\/v2\/posts\/2347"}],"collection":[{"href":"https:\/\/kmplg.sk\/index.php?rest_route=\/wp\/v2\/posts"}],"about":[{"href":"https:\/\/kmplg.sk\/index.php?rest_route=\/wp\/v2\/types\/post"}],"author":[{"embeddable":true,"href":"https:\/\/kmplg.sk\/index.php?rest_route=\/wp\/v2\/users\/2"}],"replies":[{"embeddable":true,"href":"https:\/\/kmplg.sk\/index.php?rest_route=%2Fwp%2Fv2%2Fcomments&post=2347"}],"version-history":[{"count":2,"href":"https:\/\/kmplg.sk\/index.php?rest_route=\/wp\/v2\/posts\/2347\/revisions"}],"predecessor-version":[{"id":2416,"href":"https:\/\/kmplg.sk\/index.php?rest_route=\/wp\/v2\/posts\/2347\/revisions\/2416"}],"wp:attachment":[{"href":"https:\/\/kmplg.sk\/index.php?rest_route=%2Fwp%2Fv2%2Fmedia&parent=2347"}],"wp:term":[{"taxonomy":"category","embeddable":true,"href":"https:\/\/kmplg.sk\/index.php?rest_route=%2Fwp%2Fv2%2Fcategories&post=2347"},{"taxonomy":"post_tag","embeddable":true,"href":"https:\/\/kmplg.sk\/index.php?rest_route=%2Fwp%2Fv2%2Ftags&post=2347"},{"taxonomy":"post_folder","embeddable":true,"href":"https:\/\/kmplg.sk\/index.php?rest_route=%2Fwp%2Fv2%2Fpost_folder&post=2347"}],"curies":[{"name":"wp","href":"https:\/\/api.w.org\/{rel}","templated":true}]}}