{"id":1654,"date":"2021-04-21T10:23:49","date_gmt":"2021-04-21T08:23:49","guid":{"rendered":"http:\/\/kmplg.sk\/?p=1654"},"modified":"2023-07-30T21:07:36","modified_gmt":"2023-07-30T19:07:36","slug":"rozhovor-s-doc-petrom-bacikom-aj-prach-hybe-dejinami","status":"publish","type":"post","link":"https:\/\/kmplg.sk\/?p=1654","title":{"rendered":"Rozhovor s doc. Petrom Ba\u010d\u00edkom &#8211; Aj prach h\u00fdbe dejinami"},"content":{"rendered":"\n<p><strong>Rozhovor s doc. Petrom Ba\u010d\u00edkom na t\u00fato t\u00e9mu si m\u00f4\u017ete pre\u010d\u00edta\u0165 na port\u00e1ly <a href=\"https:\/\/vedanadosah.cvtisr.sk\/priroda\/zivotne-prostredie\/aj-prach-hybe-dejinami\/\">Veda na dosah<\/a><\/strong>.<\/p>\n\n\n<div class=\"vlp-link-container vlp-layout-kmplg wp-block-visual-link-preview-link\"><a href=\"https:\/\/vedanadosah.cvtisr.sk\/priroda\/zivotne-prostredie\/aj-prach-hybe-dejinami\/\" class=\"vlp-link\" title=\"Aj prach h\u00fdbe dejinami - VEDA NA DOSAH\" rel=\"nofollow\" target=\"_blank\"><\/a><div class=\"vlp-layout-zone-side\"><div class=\"vlp-block-4 vlp-link-image\"><img src=\"https:\/\/vedanadosah.cvtisr.sk\/wp-content\/uploads\/2021\/04\/sopka_krakatoa_island_514938956_.jpg\" style=\"max-width: 1024px; max-height: 1024px\" \/><\/div><\/div><div class=\"vlp-layout-zone-main\"><div class=\"vlp-block-0 vlp-link-title\">Aj prach h\u00fdbe dejinami &#8211; VEDA NA DOSAH<\/div><div class=\"vlp-block-1 vlp-link-summary\">Sp\u00e1ja sa s\u00a0vymret\u00edm dinosaurov, neandert\u00e1lcov, Ve\u013ekou franc\u00fazskou revol\u00faciou aj\u00a0dne\u0161n\u00fdm topen\u00edm \u013eadovcov.<\/div><div class=\"vlp-block-2 vlp-link-url\">vedanadosah.cvtisr.sk\/priroda\/zivotne-prostredie\/aj-prach-hybe-dejinami\/<\/div><div class=\"vlp-block-3 vlp-link-button\">Read More<\/div><\/div><\/div>","protected":false},"excerpt":{"rendered":"<p>Rozhovor s doc. Petrom Ba\u010d\u00edkom na t\u00fato t\u00e9mu si m\u00f4\u017ete &hellip; <\/p>\n","protected":false},"author":2,"featured_media":1655,"comment_status":"closed","ping_status":"open","sticky":false,"template":"","format":"standard","meta":{"_monsterinsights_skip_tracking":false,"_monsterinsights_sitenote_active":false,"_monsterinsights_sitenote_note":"","_monsterinsights_sitenote_category":0,"ngg_post_thumbnail":0},"categories":[36],"tags":[],"post_folder":[63],"yoast_head":"<!-- This site is optimized with the Yoast SEO plugin v19.4 - https:\/\/yoast.com\/wordpress\/plugins\/seo\/ -->\n<title>Rozhovor s doc. Petrom Ba\u010d\u00edkom - Aj prach h\u00fdbe dejinami - Katedra mineral\u00f3gie, petrol\u00f3gie a lo\u017eiskovej geol\u00f3gie<\/title>\n<meta name=\"robots\" content=\"index, follow, max-snippet:-1, max-image-preview:large, max-video-preview:-1\" \/>\n<link rel=\"canonical\" href=\"https:\/\/kmplg.sk\/?p=1654\" \/>\n<meta property=\"og:locale\" content=\"sk_SK\" \/>\n<meta property=\"og:type\" content=\"article\" \/>\n<meta property=\"og:title\" content=\"Rozhovor s doc. Petrom Ba\u010d\u00edkom - Aj prach h\u00fdbe dejinami - Katedra mineral\u00f3gie, petrol\u00f3gie a lo\u017eiskovej geol\u00f3gie\" \/>\n<meta property=\"og:description\" content=\"Rozhovor s doc. Petrom Ba\u010d\u00edkom na t\u00fato t\u00e9mu si m\u00f4\u017ete &hellip;\" \/>\n<meta property=\"og:url\" content=\"https:\/\/kmplg.sk\/?p=1654\" \/>\n<meta property=\"og:site_name\" content=\"Katedra mineral\u00f3gie, petrol\u00f3gie a lo\u017eiskovej geol\u00f3gie\" \/>\n<meta property=\"article:publisher\" content=\"https:\/\/www.facebook.com\/kmplg\/\" \/>\n<meta property=\"article:published_time\" content=\"2021-04-21T08:23:49+00:00\" \/>\n<meta property=\"article:modified_time\" content=\"2023-07-30T19:07:36+00:00\" \/>\n<meta property=\"og:image\" content=\"https:\/\/kmplg.sk\/wp-content\/uploads\/2021\/04\/sopka_krakatoa_island_514938956_.jpg\" \/>\n\t<meta property=\"og:image:width\" content=\"1200\" \/>\n\t<meta property=\"og:image:height\" content=\"680\" \/>\n\t<meta property=\"og:image:type\" content=\"image\/jpeg\" \/>\n<meta name=\"author\" content=\"Ondrej Nemec\" \/>\n<meta name=\"twitter:card\" content=\"summary_large_image\" \/>\n<meta name=\"twitter:label1\" content=\"Autor\" \/>\n\t<meta name=\"twitter:data1\" content=\"Ondrej Nemec\" \/>\n\t<meta name=\"twitter:label2\" content=\"Predpokladan\u00fd \u010das \u010d\u00edtania\" \/>\n\t<meta name=\"twitter:data2\" content=\"1 min\u00fata\" \/>\n<script type=\"application\/ld+json\" class=\"yoast-schema-graph\">{\"@context\":\"https:\/\/schema.org\",\"@graph\":[{\"@type\":\"WebSite\",\"@id\":\"https:\/\/kmplg.sk\/#website\",\"url\":\"https:\/\/kmplg.sk\/\",\"name\":\"Katedra mineral\u00f3gie, petrol\u00f3gie a lo\u017eiskovej geol\u00f3gie\",\"description\":\"Pr\u00edrodovedeck\u00e1 fakulta Univerzity Komensk\u00e9ho v Bratislave\",\"potentialAction\":[{\"@type\":\"SearchAction\",\"target\":{\"@type\":\"EntryPoint\",\"urlTemplate\":\"https:\/\/kmplg.sk\/?s={search_term_string}\"},\"query-input\":\"required name=search_term_string\"}],\"inLanguage\":\"sk-SK\"},{\"@type\":\"WebPage\",\"@id\":\"https:\/\/kmplg.sk\/?p=1654\",\"url\":\"https:\/\/kmplg.sk\/?p=1654\",\"name\":\"Rozhovor s doc. Petrom Ba\u010d\u00edkom - Aj prach h\u00fdbe dejinami - Katedra mineral\u00f3gie, petrol\u00f3gie a lo\u017eiskovej geol\u00f3gie\",\"isPartOf\":{\"@id\":\"https:\/\/kmplg.sk\/#website\"},\"datePublished\":\"2021-04-21T08:23:49+00:00\",\"dateModified\":\"2023-07-30T19:07:36+00:00\",\"author\":{\"@id\":\"https:\/\/kmplg.sk\/#\/schema\/person\/362176dea24416520ff64ae89773aa8d\"},\"breadcrumb\":{\"@id\":\"https:\/\/kmplg.sk\/?p=1654#breadcrumb\"},\"inLanguage\":\"sk-SK\",\"potentialAction\":[{\"@type\":\"ReadAction\",\"target\":[\"https:\/\/kmplg.sk\/?p=1654\"]}]},{\"@type\":\"BreadcrumbList\",\"@id\":\"https:\/\/kmplg.sk\/?p=1654#breadcrumb\",\"itemListElement\":[{\"@type\":\"ListItem\",\"position\":1,\"name\":\"Home\",\"item\":\"https:\/\/kmplg.sk\/\"},{\"@type\":\"ListItem\",\"position\":2,\"name\":\"Rozhovor s doc. Petrom Ba\u010d\u00edkom &#8211; Aj prach h\u00fdbe dejinami\"}]},{\"@type\":\"Person\",\"@id\":\"https:\/\/kmplg.sk\/#\/schema\/person\/362176dea24416520ff64ae89773aa8d\",\"name\":\"Ondrej Nemec\",\"image\":{\"@type\":\"ImageObject\",\"inLanguage\":\"sk-SK\",\"@id\":\"https:\/\/kmplg.sk\/#\/schema\/person\/image\/\",\"url\":\"https:\/\/secure.gravatar.com\/avatar\/73dacebc5fb1131d0c8e3fb138324786?s=96&d=mm&r=g\",\"contentUrl\":\"https:\/\/secure.gravatar.com\/avatar\/73dacebc5fb1131d0c8e3fb138324786?s=96&d=mm&r=g\",\"caption\":\"Ondrej Nemec\"},\"url\":\"https:\/\/kmplg.sk\/?author=2\"}]}<\/script>\n<!-- \/ Yoast SEO plugin. -->","yoast_head_json":{"title":"Rozhovor s doc. Petrom Ba\u010d\u00edkom - Aj prach h\u00fdbe dejinami - Katedra mineral\u00f3gie, petrol\u00f3gie a lo\u017eiskovej geol\u00f3gie","robots":{"index":"index","follow":"follow","max-snippet":"max-snippet:-1","max-image-preview":"max-image-preview:large","max-video-preview":"max-video-preview:-1"},"canonical":"https:\/\/kmplg.sk\/?p=1654","og_locale":"sk_SK","og_type":"article","og_title":"Rozhovor s doc. Petrom Ba\u010d\u00edkom - Aj prach h\u00fdbe dejinami - Katedra mineral\u00f3gie, petrol\u00f3gie a lo\u017eiskovej geol\u00f3gie","og_description":"Rozhovor s doc. Petrom Ba\u010d\u00edkom na t\u00fato t\u00e9mu si m\u00f4\u017ete &hellip;","og_url":"https:\/\/kmplg.sk\/?p=1654","og_site_name":"Katedra mineral\u00f3gie, petrol\u00f3gie a lo\u017eiskovej geol\u00f3gie","article_publisher":"https:\/\/www.facebook.com\/kmplg\/","article_published_time":"2021-04-21T08:23:49+00:00","article_modified_time":"2023-07-30T19:07:36+00:00","og_image":[{"width":1200,"height":680,"url":"https:\/\/kmplg.sk\/wp-content\/uploads\/2021\/04\/sopka_krakatoa_island_514938956_.jpg","type":"image\/jpeg"}],"author":"Ondrej Nemec","twitter_card":"summary_large_image","twitter_misc":{"Autor":"Ondrej Nemec","Predpokladan\u00fd \u010das \u010d\u00edtania":"1 min\u00fata"},"schema":{"@context":"https:\/\/schema.org","@graph":[{"@type":"WebSite","@id":"https:\/\/kmplg.sk\/#website","url":"https:\/\/kmplg.sk\/","name":"Katedra mineral\u00f3gie, petrol\u00f3gie a lo\u017eiskovej geol\u00f3gie","description":"Pr\u00edrodovedeck\u00e1 fakulta Univerzity Komensk\u00e9ho v Bratislave","potentialAction":[{"@type":"SearchAction","target":{"@type":"EntryPoint","urlTemplate":"https:\/\/kmplg.sk\/?s={search_term_string}"},"query-input":"required name=search_term_string"}],"inLanguage":"sk-SK"},{"@type":"WebPage","@id":"https:\/\/kmplg.sk\/?p=1654","url":"https:\/\/kmplg.sk\/?p=1654","name":"Rozhovor s doc. Petrom Ba\u010d\u00edkom - Aj prach h\u00fdbe dejinami - Katedra mineral\u00f3gie, petrol\u00f3gie a lo\u017eiskovej geol\u00f3gie","isPartOf":{"@id":"https:\/\/kmplg.sk\/#website"},"datePublished":"2021-04-21T08:23:49+00:00","dateModified":"2023-07-30T19:07:36+00:00","author":{"@id":"https:\/\/kmplg.sk\/#\/schema\/person\/362176dea24416520ff64ae89773aa8d"},"breadcrumb":{"@id":"https:\/\/kmplg.sk\/?p=1654#breadcrumb"},"inLanguage":"sk-SK","potentialAction":[{"@type":"ReadAction","target":["https:\/\/kmplg.sk\/?p=1654"]}]},{"@type":"BreadcrumbList","@id":"https:\/\/kmplg.sk\/?p=1654#breadcrumb","itemListElement":[{"@type":"ListItem","position":1,"name":"Home","item":"https:\/\/kmplg.sk\/"},{"@type":"ListItem","position":2,"name":"Rozhovor s doc. Petrom Ba\u010d\u00edkom &#8211; Aj prach h\u00fdbe dejinami"}]},{"@type":"Person","@id":"https:\/\/kmplg.sk\/#\/schema\/person\/362176dea24416520ff64ae89773aa8d","name":"Ondrej Nemec","image":{"@type":"ImageObject","inLanguage":"sk-SK","@id":"https:\/\/kmplg.sk\/#\/schema\/person\/image\/","url":"https:\/\/secure.gravatar.com\/avatar\/73dacebc5fb1131d0c8e3fb138324786?s=96&d=mm&r=g","contentUrl":"https:\/\/secure.gravatar.com\/avatar\/73dacebc5fb1131d0c8e3fb138324786?s=96&d=mm&r=g","caption":"Ondrej Nemec"},"url":"https:\/\/kmplg.sk\/?author=2"}]}},"_links":{"self":[{"href":"https:\/\/kmplg.sk\/index.php?rest_route=\/wp\/v2\/posts\/1654"}],"collection":[{"href":"https:\/\/kmplg.sk\/index.php?rest_route=\/wp\/v2\/posts"}],"about":[{"href":"https:\/\/kmplg.sk\/index.php?rest_route=\/wp\/v2\/types\/post"}],"author":[{"embeddable":true,"href":"https:\/\/kmplg.sk\/index.php?rest_route=\/wp\/v2\/users\/2"}],"replies":[{"embeddable":true,"href":"https:\/\/kmplg.sk\/index.php?rest_route=%2Fwp%2Fv2%2Fcomments&post=1654"}],"version-history":[{"count":3,"href":"https:\/\/kmplg.sk\/index.php?rest_route=\/wp\/v2\/posts\/1654\/revisions"}],"predecessor-version":[{"id":1665,"href":"https:\/\/kmplg.sk\/index.php?rest_route=\/wp\/v2\/posts\/1654\/revisions\/1665"}],"wp:featuredmedia":[{"embeddable":true,"href":"https:\/\/kmplg.sk\/index.php?rest_route=\/wp\/v2\/media\/1655"}],"wp:attachment":[{"href":"https:\/\/kmplg.sk\/index.php?rest_route=%2Fwp%2Fv2%2Fmedia&parent=1654"}],"wp:term":[{"taxonomy":"category","embeddable":true,"href":"https:\/\/kmplg.sk\/index.php?rest_route=%2Fwp%2Fv2%2Fcategories&post=1654"},{"taxonomy":"post_tag","embeddable":true,"href":"https:\/\/kmplg.sk\/index.php?rest_route=%2Fwp%2Fv2%2Ftags&post=1654"},{"taxonomy":"post_folder","embeddable":true,"href":"https:\/\/kmplg.sk\/index.php?rest_route=%2Fwp%2Fv2%2Fpost_folder&post=1654"}],"curies":[{"name":"wp","href":"https:\/\/api.w.org\/{rel}","templated":true}]}}